{"id":2980,"date":"2024-07-31T13:06:57","date_gmt":"2024-07-31T19:06:57","guid":{"rendered":"https:\/\/telecoms.pitkincounty.com\/actualizaciones\/reparada-la-averia-de-la-torre-elefante\/"},"modified":"2025-08-01T14:29:02","modified_gmt":"2025-08-01T20:29:02","slug":"reparada-la-averia-de-la-torre-elefante","status":"publish","type":"post","link":"https:\/\/telecoms.pitkincounty.com\/es\/actualizaciones\/reparada-la-averia-de-la-torre-elefante\/","title":{"rendered":"Reparada la aver\u00eda de la Torre Elefante"},"content":{"rendered":"\n<p>El personal pudo volar a la Torre Elefante el martes 30 de julio y reparar el corte de electricidad para banda ancha, radio de seguridad p\u00fablica y algo de TV. Seguir\u00e1n controlando el suministro el\u00e9ctrico al emplazamiento y estar\u00e1n preparados para cualquier problema imprevisto. <\/p>\n","protected":false},"excerpt":{"rendered":"<p>El personal pudo volar a la Torre Elefante el martes 30 de julio y reparar el corte de electricidad para banda ancha, radio de seguridad p\u00fablica y algo de TV. Seguir\u00e1n controlando el suministro el\u00e9ctrico al emplazamiento y estar\u00e1n preparados para cualquier problema imprevisto.<\/p>\n","protected":false},"author":5,"featured_media":0,"comment_status":"closed","ping_status":"open","sticky":false,"template":"","format":"standard","meta":{"_acf_changed":false,"_uag_custom_page_level_css":"","_genesis_hide_title":false,"_genesis_hide_breadcrumbs":false,"_genesis_hide_singular_image":false,"_genesis_hide_footer_widgets":false,"_genesis_custom_body_class":"","_genesis_custom_post_class":"","_genesis_layout":"","footnotes":""},"categories":[6],"tags":[],"class_list":{"0":"post-2980","1":"post","2":"type-post","3":"status-publish","4":"format-standard","6":"category-actualizaciones","7":"entry"},"acf":[],"uagb_featured_image_src":{"full":false,"thumbnail":false,"medium":false,"medium_large":false,"large":false,"1536x1536":false,"2048x2048":false,"sidebar-featured":false,"genesis-singular-images":false},"uagb_author_info":{"display_name":"Michele McClinton","author_link":"https:\/\/telecoms.pitkincounty.com\/es\/author\/michele-mcclinton\/"},"uagb_comment_info":0,"uagb_excerpt":"El personal pudo volar a la Torre Elefante el martes 30 de julio y reparar el corte de electricidad para banda ancha, radio de seguridad p\u00fablica y algo de TV. Seguir\u00e1n controlando el suministro el\u00e9ctrico al emplazamiento y estar\u00e1n preparados para cualquier problema imprevisto.","_links":{"self":[{"href":"https:\/\/telecoms.pitkincounty.com\/es\/wp-json\/wp\/v2\/posts\/2980","targetHints":{"allow":["GET"]}}],"collection":[{"href":"https:\/\/telecoms.pitkincounty.com\/es\/wp-json\/wp\/v2\/posts"}],"about":[{"href":"https:\/\/telecoms.pitkincounty.com\/es\/wp-json\/wp\/v2\/types\/post"}],"author":[{"embeddable":true,"href":"https:\/\/telecoms.pitkincounty.com\/es\/wp-json\/wp\/v2\/users\/5"}],"replies":[{"embeddable":true,"href":"https:\/\/telecoms.pitkincounty.com\/es\/wp-json\/wp\/v2\/comments?post=2980"}],"version-history":[{"count":1,"href":"https:\/\/telecoms.pitkincounty.com\/es\/wp-json\/wp\/v2\/posts\/2980\/revisions"}],"predecessor-version":[{"id":2981,"href":"https:\/\/telecoms.pitkincounty.com\/es\/wp-json\/wp\/v2\/posts\/2980\/revisions\/2981"}],"wp:attachment":[{"href":"https:\/\/telecoms.pitkincounty.com\/es\/wp-json\/wp\/v2\/media?parent=2980"}],"wp:term":[{"taxonomy":"category","embeddable":true,"href":"https:\/\/telecoms.pitkincounty.com\/es\/wp-json\/wp\/v2\/categories?post=2980"},{"taxonomy":"post_tag","embeddable":true,"href":"https:\/\/telecoms.pitkincounty.com\/es\/wp-json\/wp\/v2\/tags?post=2980"}],"curies":[{"name":"wp","href":"https:\/\/api.w.org\/{rel}","templated":true}]}}